{"id":16,"date":"2007-06-14T21:22:08","date_gmt":"2007-06-14T19:22:08","guid":{"rendered":"http:\/\/drone-zone.org\/lyon2013\/blog\/?p=16"},"modified":"2007-06-14T21:24:54","modified_gmt":"2007-06-14T19:24:54","slug":"fete-de-lobjet-publicitaire-lyonnais","status":"publish","type":"post","link":"http:\/\/drone-zone.org\/lyon2013\/blog\/?p=16","title":{"rendered":"F\u00eate de l&rsquo;objet publicitaire lyonnais"},"content":{"rendered":"<p>Dans le cadre de l&rsquo;op\u00e9ration Lyon, capitale europ\u00e9enne de l&rsquo;ennui, la Chambre de Commerce et d&rsquo;Industrie du Grand Lyon propose la f\u00eate de l&rsquo;objet publicitaire lyonnais. Du 17 au 23 juin 2013, une grande exposition sera ouverte au Mus\u00e9e d&rsquo;Art Contemporain, afin de pr\u00e9senter au grand public amateur d&rsquo;art les plus belles productions lyonnaises dans ce domaine d&rsquo;avant-garde.<\/p>\n<p align=\"left\"><a href=\"http:\/\/www.carrefour.fr\/magasin\/monmagasin\/coordonnees?id=060\"><strong>Mus\u00e9e d&rsquo;Art Contemporain<\/strong><\/a><\/p>\n<p align=\"left\">Cit\u00e9 Internationale<br \/>\n81 quai Charles de Gaulle<br \/>\n69006 Lyon<br \/>\nFrance<\/p>\n<p>Voici en avant premi\u00e8re deux oeuvres s\u00e9lectionn\u00e9es par le Comit\u00e9 d&rsquo;Ennui du Mus\u00e9e :<\/p>\n<p><strong> La poign\u00e9e d&rsquo;ouvre bouteille \u00ab\u00a0Foire de Lyon\u00a0\u00bb (Albrecht B\u00fcren, 2006) :<\/strong><br \/>\n<img decoding=\"async\" loading=\"lazy\" src=\"http:\/\/www.teckit.fr\/gif\/pub2.jpg\" title=\"poign\u00e9e lyonnaise\" alt=\"poign\u00e9e lyonnaise\" height=\"293\" width=\"300\" \/><\/p>\n<p><em>Bois sculpt\u00e9, pyrogravure.<\/em><\/p>\n<p><em>La poign\u00e9e \u00ab\u00a0Foire internationale de Lyon est un cadeau unanimement appr\u00e9ci\u00e9 puisqu&rsquo;elle est tr\u00e8s utile au quotidien, et sert pendant des ann\u00e9es. On la voit ici accompagn\u00e9e de deux autres poign\u00e9es \u00e9galement ouvrag\u00e9es. L&rsquo;artiste, qui s&rsquo;inscrit dans le courant artistique underground lyonnais \u00ab\u00a0grandes surfaces et vente au d\u00e9tail\u00a0\u00bb, a voulu interroger notre rapport \u00e0 l&rsquo;objet publicitaire et aux enjeux politiques et sociaux de l&rsquo;ouverture manuelle des bouteille de vin \u00e0 Lyon.<\/em><\/p>\n<p><strong>\u00ab\u00a0Notre Dame de Fourvi\u00e8re qui \u00eates en haut, priez pour Lyon\u00a0\u00bb (Jean-Charles de Tripoux, 2005) :<\/strong><\/p>\n<p><img decoding=\"async\" loading=\"lazy\" src=\"http:\/\/pointsdactu.bm-lyon.fr\/IMG\/jpg\/fourviere92.jpg\" title=\"notre dame\" alt=\"notre dame\" height=\"451\" width=\"300\" \/><\/p>\n<p><em>B\u00e9ton dor\u00e9, m\u00e9tal.<\/em><\/p>\n<p><em>D&rsquo;une grande audace conceptuelle, cette oeuvre de Jean-Charles de Tripoux, jeune prodige de l&rsquo;avant-garde lyonnaise du courant \u00ab\u00a0majorit\u00e9 morale contemporaine\u00a0\u00bb, interroge notre rapport \u00e0 la publicit\u00e9 religieuse dans l&rsquo;espace urbain.<\/em><\/p>\n","protected":false},"excerpt":{"rendered":"<p>Dans le cadre de l&rsquo;op\u00e9ration Lyon, capitale europ\u00e9enne de l&rsquo;ennui, la Chambre de Commerce et d&rsquo;Industrie du Grand Lyon propose la f\u00eate de l&rsquo;objet publicitaire &hellip;<\/p>\n","protected":false},"author":2,"featured_media":0,"comment_status":"open","ping_status":"open","sticky":false,"template":"","format":"standard","meta":{"footnotes":""},"categories":[4],"tags":[],"_links":{"self":[{"href":"http:\/\/drone-zone.org\/lyon2013\/blog\/index.php?rest_route=\/wp\/v2\/posts\/16"}],"collection":[{"href":"http:\/\/drone-zone.org\/lyon2013\/blog\/index.php?rest_route=\/wp\/v2\/posts"}],"about":[{"href":"http:\/\/drone-zone.org\/lyon2013\/blog\/index.php?rest_route=\/wp\/v2\/types\/post"}],"author":[{"embeddable":true,"href":"http:\/\/drone-zone.org\/lyon2013\/blog\/index.php?rest_route=\/wp\/v2\/users\/2"}],"replies":[{"embeddable":true,"href":"http:\/\/drone-zone.org\/lyon2013\/blog\/index.php?rest_route=%2Fwp%2Fv2%2Fcomments&post=16"}],"version-history":[{"count":0,"href":"http:\/\/drone-zone.org\/lyon2013\/blog\/index.php?rest_route=\/wp\/v2\/posts\/16\/revisions"}],"wp:attachment":[{"href":"http:\/\/drone-zone.org\/lyon2013\/blog\/index.php?rest_route=%2Fwp%2Fv2%2Fmedia&parent=16"}],"wp:term":[{"taxonomy":"category","embeddable":true,"href":"http:\/\/drone-zone.org\/lyon2013\/blog\/index.php?rest_route=%2Fwp%2Fv2%2Fcategories&post=16"},{"taxonomy":"post_tag","embeddable":true,"href":"http:\/\/drone-zone.org\/lyon2013\/blog\/index.php?rest_route=%2Fwp%2Fv2%2Ftags&post=16"}],"curies":[{"name":"wp","href":"https:\/\/api.w.org\/{rel}","templated":true}]}}