{"id":31,"date":"2008-09-18T01:39:21","date_gmt":"2008-09-18T01:39:21","guid":{"rendered":"http:\/\/drone-zone.org\/lyon2013\/blog\/?p=31"},"modified":"2008-09-18T01:46:05","modified_gmt":"2008-09-18T01:46:05","slug":"gif-sur-yvette-elue-capitale-europeenne-de-lennui-en-2013","status":"publish","type":"post","link":"http:\/\/drone-zone.org\/lyon2013\/blog\/?p=31","title":{"rendered":"Gif-Sur-Yvette \u00e9lue Capitale europ\u00e9enne de l&rsquo;ennui en 2013"},"content":{"rendered":"<p>Nous venons d\u2019apprendre que la Ville de Gif-Sur-Yvette sera la  ville fran\u00e7aise Capitale Europ\u00e9enne de l&rsquo;ennui en 2013.<\/p>\n<p>La Ville de Lyon tient \u00e0 f\u00e9liciter M. Jean-Claude Bouzin, l\u2019\u00e9quipe Gif-Sur-Yvette 2013 et l\u2019ensemble des habitants de la Ville de Gif-Sur-Yvette pour cette victoire. Nous leur souhaitons de r\u00e9ussir \u00e0 faire de cette ann\u00e9e 2013, une ann\u00e9e ordinaire sous le signe de l&rsquo;ennui, de la d\u00e9magogie et de la culture du march\u00e9 libre et non fauss\u00e9 qui puisse rayonner bien au-del\u00e0 des fronti\u00e8res de nos quartiers.<\/p>\n<p>La Ville de Lyon salue \u00e9galement l\u2019ensemble des villes en comp\u00e9tition, qui ont toutes propos\u00e9 des dossiers extr\u00eamement ennuyeux. Nous avons particuli\u00e8rement appr\u00e9ci\u00e9 l\u2019esprit roboratif dans lequel s\u2019est englu\u00e9 cette finale.<\/p>\n<p>Enfin, G\u00e9rard Goullomb, S\u00e9nateur-Maire de Lyon tient \u00e0 remercier chaleureusement l\u2019ensemble des ressources humaines du milieu \u00e9conomique et technocratique qui se sont mobilis\u00e9es \u00e0 ses c\u00f4t\u00e9s pour proposer un marketing particuli\u00e8rement on\u00e9reux et ennuyeux.<\/p>\n<p>Durant des mois, la pr\u00e9paration du dossier de candidature a servi de laboratoire \u00e0 ennui. Et ces rencontres disciplin\u00e9es, ces projets pr\u00e9tentieux, la pesanteur bureaucratique enclench\u00e9e demeurent une force de proposition pour mieux \u00e9liminer tout espoir d&rsquo;une nouvelle urbanit\u00e9 pour les Lyonnais, aujourd&rsquo;hui\u2026<\/p>\n<p>Nous continueront notre action jusqu&rsquo;\u00e0 la cr\u00e9ation d&rsquo;un maillage territorial exhaustif, afin qu&rsquo;un march\u00e9 libre et non fauss\u00e9 de la culture \u00e9merge \u00e0 Lyon et que des proc\u00e9dures de certification ISO 9001 s&rsquo;appliquent \u00e0 chaque citoyen : la s\u00e9curit\u00e9 de tous est l&rsquo;avenir de chaque lieu culturel, et la culture de la fermeture des lieux musicaux \u00e0 partir de 21h30 et de la d\u00e9fense d&rsquo;afficher autre chose que des avis d&rsquo;expulsion sera d\u00e9velopp\u00e9e jusqu&rsquo;\u00e0 ce que plus personne ne bouge de devant son t\u00e9l\u00e9viseur. Ainsi, demain sera pareil \u00e0 aujourd&rsquo;hui dans le respect d&rsquo;hier, et la tradition s\u00e9curitaire \u00e9radiquera de notre ville ses derni\u00e8res scories critiques. Il est temps que chacun consomme et arr\u00eate de prendre ses utopies pour des possibilit\u00e9s.<\/p>\n<p>\u00ab\u00a0Le monde est tel qu&rsquo;il est, et nous ne le changerons pas\u00a0\u00bb, disait Val\u00e9ry Giscard D&rsquo;Estaing un soir de biture \u00e0 Raymond Barre. De m\u00eame, le G\u00e9n\u00e9ral De Gaulle a exprim\u00e9 avec force sa croyance en la race bovine comme mod\u00e8le de d\u00e9veloppement intellectuel pour notre pays. C&rsquo;est cet horizon philosophique exigeant que nous fixons aujourd&rsquo;hui \u00e0 notre engagement politique, le petit doigt sur la couture de notre pantalon, et c&rsquo;est pourquoi, lyonnaises, lyonnais, je vous remercie et vous offrirai d\u00e8s demain une ville moderne plac\u00e9e sous le contr\u00f4le de plus de cam\u00e9ras, une d\u00e9mocratisation des puces RFID, et une police de proximit\u00e9 tellement proche qu&rsquo;enfin vous n&rsquo;aurez plus peur en sortant le soir.<\/p>\n<p>Vive Lyon, vive l&rsquo;ennui, vive la culture de la s\u00e9curit\u00e9 !<\/p>\n","protected":false},"excerpt":{"rendered":"<p>Nous venons d\u2019apprendre que la Ville de Gif-Sur-Yvette sera la ville fran\u00e7aise Capitale Europ\u00e9enne de l&rsquo;ennui en 2013. La Ville de Lyon tient \u00e0 f\u00e9liciter &hellip;<\/p>\n","protected":false},"author":2,"featured_media":0,"comment_status":"open","ping_status":"open","sticky":false,"template":"","format":"standard","meta":{"footnotes":""},"categories":[4,6,1,5,3],"tags":[11,13,10,12],"_links":{"self":[{"href":"http:\/\/drone-zone.org\/lyon2013\/blog\/index.php?rest_route=\/wp\/v2\/posts\/31"}],"collection":[{"href":"http:\/\/drone-zone.org\/lyon2013\/blog\/index.php?rest_route=\/wp\/v2\/posts"}],"about":[{"href":"http:\/\/drone-zone.org\/lyon2013\/blog\/index.php?rest_route=\/wp\/v2\/types\/post"}],"author":[{"embeddable":true,"href":"http:\/\/drone-zone.org\/lyon2013\/blog\/index.php?rest_route=\/wp\/v2\/users\/2"}],"replies":[{"embeddable":true,"href":"http:\/\/drone-zone.org\/lyon2013\/blog\/index.php?rest_route=%2Fwp%2Fv2%2Fcomments&post=31"}],"version-history":[{"count":3,"href":"http:\/\/drone-zone.org\/lyon2013\/blog\/index.php?rest_route=\/wp\/v2\/posts\/31\/revisions"}],"predecessor-version":[{"id":33,"href":"http:\/\/drone-zone.org\/lyon2013\/blog\/index.php?rest_route=\/wp\/v2\/posts\/31\/revisions\/33"}],"wp:attachment":[{"href":"http:\/\/drone-zone.org\/lyon2013\/blog\/index.php?rest_route=%2Fwp%2Fv2%2Fmedia&parent=31"}],"wp:term":[{"taxonomy":"category","embeddable":true,"href":"http:\/\/drone-zone.org\/lyon2013\/blog\/index.php?rest_route=%2Fwp%2Fv2%2Fcategories&post=31"},{"taxonomy":"post_tag","embeddable":true,"href":"http:\/\/drone-zone.org\/lyon2013\/blog\/index.php?rest_route=%2Fwp%2Fv2%2Ftags&post=31"}],"curies":[{"name":"wp","href":"https:\/\/api.w.org\/{rel}","templated":true}]}}